




{"id":18948,"date":"2021-02-11T11:35:33","date_gmt":"2021-02-11T11:35:33","guid":{"rendered":"https:\/\/tours.com.pt\/braga-eleita-melhor-destino-europeu-para-visitar-em-2021\/"},"modified":"2025-01-04T12:33:11","modified_gmt":"2025-01-04T12:33:11","slug":"braga-fue-elegida-mejor-destino-europeo-para-visitar-en-2021","status":"publish","type":"post","link":"https:\/\/tours.com.pt\/es\/braga-fue-elegida-mejor-destino-europeo-para-visitar-en-2021\/","title":{"rendered":"Braga fue elegida Mejor Destino Europeo para visitar en 2021"},"content":{"rendered":"\n<p class=\"has-text-align-left\">En 2021, Braga fue elegida <strong>Mejor Destino Europeo<\/strong> por <strong>European Best Destinations (EBD)<\/strong>, una organizaci\u00f3n con sede en Bruselas que promueve <strong>el turismo y la cultura en Europa<\/strong>. Este esperado reconocimiento lleg\u00f3 tras <strong>m\u00e1s de 109.000 votos de internautas de todo el mundo<\/strong>, de los cuales <strong>el 72% proced\u00eda de fuera de Portugal<\/strong>.<\/p>\n\n\n\n<p class=\"has-text-align-left\">Braga ya hab\u00eda logrado el <strong>segundo puesto en 2019<\/strong>, pero este a\u00f1o se impuso a ciudades ic\u00f3nicas como <strong>Roma<\/strong>, que qued\u00f3 en segunda posici\u00f3n con una diferencia de m\u00e1s de <strong>31.000 votos<\/strong>.<\/p>\n\n\n<div class=\"wp-block-image wp-image-6040\">\n<figure class=\"aligncenter size-full is-resized\"><img decoding=\"async\" src=\"data:image\/gif;base64,R0lGODlhAQABAAAAACH5BAEKAAEALAAAAAABAAEAAAICTAEAOw==\" data-layzr=\"https:\/\/tours.com.pt\/wp-content\/uploads\/2023\/12\/braga-jpg_header-56818.jpeg\" alt=\"Braga fue elegida Mejor Destino Europeo para visitar en 2021\" class=\"wp-image-599\" style=\"object-fit:cover;width:700px;height:400px\"\/><\/figure>\n<\/div>\n\n\n<p class=\"has-text-align-left\">La candidatura de Braga a Mejor Destino Europeo, cont\u00f3 con el apoyo del <strong>Presidente de Portugal, Marcelo Rebelo de Sousa<\/strong>, la <strong>Secretaria de Estado de Turismo, Rita Marques<\/strong>, y la <strong>Asociaci\u00f3n de Turismo de Oporto y Norte de Portugal (ATP)<\/strong>, entre otros.<\/p>\n\n\n\n<h3 class=\"wp-block-heading has-text-align-center\">Destino Europeo  2021<\/h3>\n\n\n\n<p class=\"has-text-align-left\">Los viajeros del <strong>Reino Unido, Brasil, Estados Unidos y Francia<\/strong> desempe\u00f1aron un papel clave en el \u00e9xito de Braga. Curiosamente, incluso <strong>el Vaticano vot\u00f3 por Braga<\/strong>, confirmando su <strong>fuerte herencia cat\u00f3lica<\/strong>.<\/p>\n\n\n<div class=\"wp-block-image\">\n<figure class=\"aligncenter size-large is-resized\"><img decoding=\"async\" src=\"data:image\/gif;base64,R0lGODlhAQABAAAAACH5BAEKAAEALAAAAAABAAEAAAICTAEAOw==\" data-layzr=\"https:\/\/tours.com.pt\/wp-content\/uploads\/2023\/12\/GettyImages-149519944_super-copy-1024x663.jpg\" alt=\"Braga fue elegida Mejor Destino Europeo para visitar en 2021\" class=\"wp-image-616\" style=\"object-fit:cover;width:700px;height:400px\"\/><\/figure>\n<\/div>\n\n\n<p class=\"has-text-align-left\">Considerada la ciudad m\u00e1s cat\u00f3lica de Portugal, Braga alberga <strong>monumentos religiosos impresionantes<\/strong>, como el <strong><a href=\"https:\/\/es.wikipedia.org\/wiki\/Bom_Jesus_do_Monte\" target=\"_blank\" rel=\"noopener\" title=\"\">Santuario de Bom Jesus do Monte<\/a><\/strong>, declarado <strong>Patrimonio de la Humanidad por la UNESCO<\/strong>. Su <strong>escalinata barroca<\/strong> es una de las m\u00e1s impresionantes de Europa y ofrece vistas panor\u00e1micas inigualables.<\/p>\n\n\n\n<p class=\"has-text-align-left\">Fundada hace m\u00e1s de <strong>2.000 a\u00f1os como Bracara Augusta<\/strong>, siendo un <strong>centro administrativo clave del Imperio Romano en la Pen\u00ednsula Ib\u00e9rica<\/strong>. Como capital de la <strong>provincia romana de Gallaecia<\/strong> (hoy Galicia, Espa\u00f1a), Braga rivaliz\u00f3 en su d\u00eda con <strong>Santiago de Compostela<\/strong> en poder e importancia religiosa. Hoy, la ciudad es una parada esencial en el <strong>Camino de Santiago<\/strong>, siendo conocida como la <strong>\u201cCiudad de los Arzobispos\u201d<\/strong>.<\/p>\n\n\n<div class=\"wp-block-image\">\n<figure class=\"aligncenter size-full is-resized\"><img decoding=\"async\" src=\"data:image\/gif;base64,R0lGODlhAQABAAAAACH5BAEKAAEALAAAAAABAAEAAAICTAEAOw==\" data-layzr=\"https:\/\/tours.com.pt\/wp-content\/uploads\/2024\/10\/bom-jesus-braga-jardim.jpg\" alt=\"Braga fue elegida Mejor Destino Europeo para visitar en 2021\" class=\"wp-image-15834\" style=\"object-fit:cover;width:700px;height:400px\"\/><\/figure>\n<\/div>\n\n\n<p class=\"has-text-align-left\">Una ciudad joven y vibrante, habiendo sido <strong>Capital Europea de la Juventud en 2012<\/strong> y <strong>Capital Iberoamericana de la Juventud en 2016<\/strong>. Gracias a la <strong>Universidad del Mi\u00f1o<\/strong>, Braga sigue siendo <strong>una de las ciudades m\u00e1s j\u00f3venes de Portugal y Europa<\/strong>, con m\u00e1s de <strong>85.000 residentes j\u00f3venes y estudiantes<\/strong>.<\/p>\n\n\n<div class=\"wp-block-image\">\n<figure class=\"aligncenter size-full is-resized\"><img decoding=\"async\" src=\"data:image\/gif;base64,R0lGODlhAQABAAAAACH5BAEKAAEALAAAAAABAAEAAAICTAEAOw==\" data-layzr=\"https:\/\/tours.com.pt\/wp-content\/uploads\/2019\/07\/bom_jesus_Braga.jpg\" alt=\"Braga foi eleita o Melhor Destino Europeu para visitar em 2021\" class=\"wp-image-18129\" style=\"object-fit:cover;width:700px;height:400px\"\/><\/figure>\n<\/div>\n\n\n<p class=\"has-text-align-left\">Conocida como la <strong>\u201cRoma de Portugal\u201d<\/strong> por su <strong>arquitectura barroca, profundas ra\u00edces cat\u00f3licas y monumentos religiosos<\/strong>. Pero su encanto va m\u00e1s all\u00e1: su <strong>gastronom\u00eda<\/strong> es una delicia para los sentidos, con platos t\u00edpicos como el <strong>Caldo Verde (sopa de col), Bacalao a la Braga, Papas de Sarrabulho (guiso tradicional) y el ic\u00f3nico Pud\u00edn Abade de Priscos<\/strong>, un postre con siglos de historia.<\/p>\n\n\n\n<h3 class=\"wp-block-heading has-text-align-center\">Mejor Destino Europeo para visitar en 2021<\/h3>\n\n\n\n<p class=\"has-text-align-left\">La combinaci\u00f3n de <strong>historia, cultura, patrimonio religioso y vida vibrante<\/strong> convierte a Braga en un <strong>destino imprescindible<\/strong> en Europa. Desde sus <strong>monumentos de la UNESCO hasta su exquisita gastronom\u00eda<\/strong>, Braga te espera con los brazos abiertos.<\/p>\n\n\n\n<p class=\"has-text-align-center\"><span style=\"font-size: 14pt;\"><strong><a href=\"https:\/\/tours.com.pt\/destinations\/tours-en-oporto\/braga-es\/\" target=\"_blank\" rel=\"noopener\" title=\"Braga\">\u2728 <strong>Braga: una ciudad que mezcla historia, juventud, cultura y espiritualidad. \u00a1No te la pierdas!<\/strong><\/a><\/strong><\/span><\/p>\n","protected":false},"excerpt":{"rendered":"<p>En 2021, Braga fue elegida Mejor Destino Europeo por European Best Destinations (EBD), una organizaci\u00f3n con sede en Bruselas que promueve el turismo y la cultura en Europa. Este esperado reconocimiento lleg\u00f3 tras m\u00e1s de 109.000 votos de internautas de todo el mundo, de los cuales el 72% proced\u00eda de fuera de Portugal. Braga ya &hellip; <\/p>\n","protected":false},"author":2,"featured_media":607,"comment_status":"closed","ping_status":"closed","sticky":false,"template":"","format":"standard","meta":{"_monsterinsights_skip_tracking":false,"_monsterinsights_sitenote_active":false,"_monsterinsights_sitenote_note":"","_monsterinsights_sitenote_category":0,"footnotes":""},"categories":[268,280],"tags":[302],"class_list":["post-18948","post","type-post","status-publish","format-standard","has-post-thumbnail","hentry","category-gastronomia-es-es","category-historia-es-2","tag-braga-es","latest_post"],"aioseo_notices":[],"_links":{"self":[{"href":"https:\/\/tours.com.pt\/es\/wp-json\/wp\/v2\/posts\/18948","targetHints":{"allow":["GET"]}}],"collection":[{"href":"https:\/\/tours.com.pt\/es\/wp-json\/wp\/v2\/posts"}],"about":[{"href":"https:\/\/tours.com.pt\/es\/wp-json\/wp\/v2\/types\/post"}],"author":[{"embeddable":true,"href":"https:\/\/tours.com.pt\/es\/wp-json\/wp\/v2\/users\/2"}],"replies":[{"embeddable":true,"href":"https:\/\/tours.com.pt\/es\/wp-json\/wp\/v2\/comments?post=18948"}],"version-history":[{"count":0,"href":"https:\/\/tours.com.pt\/es\/wp-json\/wp\/v2\/posts\/18948\/revisions"}],"wp:featuredmedia":[{"embeddable":true,"href":"https:\/\/tours.com.pt\/es\/wp-json\/wp\/v2\/media\/607"}],"wp:attachment":[{"href":"https:\/\/tours.com.pt\/es\/wp-json\/wp\/v2\/media?parent=18948"}],"wp:term":[{"taxonomy":"category","embeddable":true,"href":"https:\/\/tours.com.pt\/es\/wp-json\/wp\/v2\/categories?post=18948"},{"taxonomy":"post_tag","embeddable":true,"href":"https:\/\/tours.com.pt\/es\/wp-json\/wp\/v2\/tags?post=18948"}],"curies":[{"name":"wp","href":"https:\/\/api.w.org\/{rel}","templated":true}]}}