




{"id":18926,"date":"2022-03-16T08:27:30","date_gmt":"2022-03-16T08:27:30","guid":{"rendered":"https:\/\/tours.com.pt\/museu-do-holocausto-2\/"},"modified":"2025-01-03T19:55:15","modified_gmt":"2025-01-03T19:55:15","slug":"museo-del-holocausto","status":"publish","type":"post","link":"https:\/\/tours.com.pt\/es\/museo-del-holocausto\/","title":{"rendered":"Museo del Holocausto: Memoria e Historia"},"content":{"rendered":"\n<p>El <strong>Museo del Holocausto de Oporto<\/strong> abri\u00f3 sus puertas el <strong>5 de abril de 2021<\/strong>, convirti\u00e9ndose en el <strong>primer museo dedicado al Holocausto en la Pen\u00ednsula Ib\u00e9rica<\/strong>. Su prop\u00f3sito es educar al p\u00fablico sobre los horrores del <strong>r\u00e9gimen nazi<\/strong>, preservar la memoria de los <strong>millones de v\u00edctimas jud\u00edas<\/strong> y garantizar que la historia nunca sea olvidada.<\/p>\n\n\n<div class=\"wp-block-image\">\n<figure class=\"aligncenter size-large is-resized\"><img decoding=\"async\" src=\"data:image\/gif;base64,R0lGODlhAQABAAAAACH5BAEKAAEALAAAAAABAAEAAAICTAEAOw==\" data-layzr=\"https:\/\/tours.com.pt\/wp-content\/uploads\/2024\/01\/Museu-do-Holocausto-1--1024x768.png\" alt=\"Museo del Holocausto: Memoria e Historia\" class=\"wp-image-1034\" style=\"object-fit:cover;width:700px;height:400px\"\/><\/figure>\n<\/div>\n\n\n<p>Durante la <strong>Segunda Guerra Mundial<\/strong>, el r\u00e9gimen nazi de <strong>Adolf Hitler<\/strong> llev\u00f3 a cabo el genocidio sistem\u00e1tico de <strong>5,7 millones de jud\u00edos<\/strong>, incluyendo <strong>500.000 ni\u00f1os<\/strong>. Esta atrocidad es recordada como uno de los <strong>cr\u00edmenes m\u00e1s horribles de la historia humana<\/strong>, conocido como el <strong>Holocausto o Shoah<\/strong>.<\/p>\n\n\n\n<p>La inauguraci\u00f3n del museo estaba inicialmente programada para el <strong>27 de enero, D\u00eda Internacional en Memoria de las V\u00edctimas del Holocausto<\/strong>, pero fue aplazada debido al <strong>segundo confinamiento nacional en<a href=\"https:\/\/tours.com.pt\/es\/category\/portugal\/\" title=\"Portugal\"> Portugal<\/a><\/strong>.<\/p>\n\n\n<div class=\"wp-block-image\">\n<figure class=\"aligncenter size-large is-resized\"><img decoding=\"async\" src=\"data:image\/gif;base64,R0lGODlhAQABAAAAACH5BAEKAAEALAAAAAABAAEAAAICTAEAOw==\" data-layzr=\"https:\/\/tours.com.pt\/wp-content\/uploads\/2024\/01\/Museu-do-Holocausto-2--1024x641.jpeg\" alt=\"Museo del Holocausto: Memoria e Historia\" class=\"wp-image-1037\" style=\"object-fit:cover;width:700px;height:400px\"\/><\/figure>\n<\/div>\n\n\n<p>La <strong><a href=\"http:\/\/www.comunidade-israelita-porto.org\/x#3\" target=\"_blank\" rel=\"noopener\" title=\"\">Comunidad Jud\u00eda de Oporto<\/a> (CJP)<\/strong>, responsable de su desarrollo, dise\u00f1\u00f3 el museo para representar la <strong>vida jud\u00eda antes del Holocausto<\/strong>, abordando temas como el <strong>nazismo, la expansi\u00f3n nazi en Europa, los guetos, los refugiados, los campos de concentraci\u00f3n, el trabajo forzado, el exterminio, la Soluci\u00f3n Final, las marchas de la muerte, la liberaci\u00f3n, la comunidad jud\u00eda en la posguerra y la fundaci\u00f3n del Estado de Israel<\/strong>.<\/p>\n\n\n\n<h3 class=\"wp-block-heading has-text-align-center\">Museo del Holocausto: Memoria e Historia<\/h3>\n\n\n\n<p>El Museo del Holocausto de Oporto cuenta con una <strong>reproducci\u00f3n de los dormitorios de Auschwitz<\/strong>, una <strong>sala de nombres<\/strong>, un <strong>memorial de la llama<\/strong>, un <strong>cine<\/strong>, una <strong>sala de conferencias<\/strong>, un <strong>centro de estudios<\/strong> y <strong>exposiciones de fotograf\u00edas y videos<\/strong> que documentan el antes y el despu\u00e9s del Holocausto. Siguiendo el modelo del <strong>Museo del Holocausto de Washington D.C.<\/strong>, ofrece una <strong>experiencia profunda y conmovedora<\/strong><\/p>\n\n\n<div class=\"wp-block-image\">\n<figure class=\"aligncenter size-large is-resized\"><img decoding=\"async\" src=\"data:image\/gif;base64,R0lGODlhAQABAAAAACH5BAEKAAEALAAAAAABAAEAAAICTAEAOw==\" data-layzr=\"https:\/\/tours.com.pt\/wp-content\/uploads\/2024\/01\/Museu-do-Holocausto-3--1024x683.jpeg\" alt=\"Museo del Holocausto: Memoria e Historia\" class=\"wp-image-1040\" style=\"object-fit:cover;width:700px;height:400px\"\/><\/figure>\n<\/div>\n\n\n<p>Desde 2013, la <strong>Comunidad Jud\u00eda de Oporto<\/strong> ha compartido sus <strong>archivos sobre refugiados<\/strong> con el <strong>Museo del Holocausto de Washington<\/strong>, documentando la historia de los <strong>jud\u00edos que pasaron por Oporto durante la guerra<\/strong>. Ahora, estos archivos han regresado, incluyendo <strong>documentos oficiales, testimonios, cartas y cientos de fichas individuales<\/strong>.<\/p>\n\n\n\n<p>Entre las muchas historias destacadas en el museo, los visitantes pueden conocer a <strong>Lu\u00edsa Finkelstein<\/strong>, quien recuerda c\u00f3mo sus familiares fueron fusilados tras ser obligados a cavar su propia fosa com\u00fan. Los <strong>abuelos de Michael Rothwell<\/strong> fueron <strong>deportados a Auschwitz en 1943<\/strong>, y <strong>Jonathan Lackman<\/strong> comparte recuerdos de su abuelo, quien <strong>escap\u00f3 de Treblinka<\/strong>, y de su abuela, quien <strong>fue rescatada con tifus en Bergen-Belsen<\/strong>, el campo donde <strong>muri\u00f3 Ana Frank<\/strong>.<\/p>\n\n\n<div class=\"wp-block-image\">\n<figure class=\"aligncenter size-full is-resized\"><img decoding=\"async\" src=\"data:image\/gif;base64,R0lGODlhAQABAAAAACH5BAEKAAEALAAAAAABAAEAAAICTAEAOw==\" data-layzr=\"https:\/\/tours.com.pt\/wp-content\/uploads\/2022\/03\/MuseudoHolocausto2.jpg\" alt=\"\" class=\"wp-image-18930\" style=\"object-fit:cover;width:700px;height:400px\"\/><\/figure>\n<\/div>\n\n\n<p>La construcci\u00f3n del <strong>Museo del Holocausto de Oporto<\/strong> fue posible gracias a una <strong>donaci\u00f3n significativa de una familia sefard\u00ed portuguesa del Sudeste Asi\u00e1tico<\/strong>, que fueron <strong>v\u00edctimas de un campo de concentraci\u00f3n japon\u00e9s<\/strong> durante la <strong>Segunda Guerra Mundial<\/strong>. Tambi\u00e9n se exhiben dos <strong>Sifrei Tor\u00e1 (rollos de la Tor\u00e1)<\/strong> donados por refugiados a la sinagoga de Oporto.<\/p>\n\n\n\n<p>El <strong>Museo del Holocausto de Oporto<\/strong> es m\u00e1s que un museo; es un <strong>espacio de memoria, reflexi\u00f3n y educaci\u00f3n<\/strong>, para que <strong>las lecciones de la historia nunca se olviden<\/strong>.<\/p>\n","protected":false},"excerpt":{"rendered":"<p>El Museo del Holocausto de Oporto abri\u00f3 sus puertas el 5 de abril de 2021, convirti\u00e9ndose en el primer museo dedicado al Holocausto en la Pen\u00ednsula Ib\u00e9rica. Su prop\u00f3sito es educar al p\u00fablico sobre los horrores del r\u00e9gimen nazi, preservar la memoria de los millones de v\u00edctimas jud\u00edas y garantizar que la historia nunca sea &hellip; <\/p>\n","protected":false},"author":2,"featured_media":1031,"comment_status":"closed","ping_status":"closed","sticky":false,"template":"","format":"standard","meta":{"_monsterinsights_skip_tracking":false,"_monsterinsights_sitenote_active":false,"_monsterinsights_sitenote_note":"","_monsterinsights_sitenote_category":0,"footnotes":""},"categories":[259,255],"tags":[],"class_list":["post-18926","post","type-post","status-publish","format-standard","has-post-thumbnail","hentry","category-cultura-es","category-religiao-es","latest_post"],"aioseo_notices":[],"_links":{"self":[{"href":"https:\/\/tours.com.pt\/es\/wp-json\/wp\/v2\/posts\/18926","targetHints":{"allow":["GET"]}}],"collection":[{"href":"https:\/\/tours.com.pt\/es\/wp-json\/wp\/v2\/posts"}],"about":[{"href":"https:\/\/tours.com.pt\/es\/wp-json\/wp\/v2\/types\/post"}],"author":[{"embeddable":true,"href":"https:\/\/tours.com.pt\/es\/wp-json\/wp\/v2\/users\/2"}],"replies":[{"embeddable":true,"href":"https:\/\/tours.com.pt\/es\/wp-json\/wp\/v2\/comments?post=18926"}],"version-history":[{"count":0,"href":"https:\/\/tours.com.pt\/es\/wp-json\/wp\/v2\/posts\/18926\/revisions"}],"wp:featuredmedia":[{"embeddable":true,"href":"https:\/\/tours.com.pt\/es\/wp-json\/wp\/v2\/media\/1031"}],"wp:attachment":[{"href":"https:\/\/tours.com.pt\/es\/wp-json\/wp\/v2\/media?parent=18926"}],"wp:term":[{"taxonomy":"category","embeddable":true,"href":"https:\/\/tours.com.pt\/es\/wp-json\/wp\/v2\/categories?post=18926"},{"taxonomy":"post_tag","embeddable":true,"href":"https:\/\/tours.com.pt\/es\/wp-json\/wp\/v2\/tags?post=18926"}],"curies":[{"name":"wp","href":"https:\/\/api.w.org\/{rel}","templated":true}]}}