




{"id":18915,"date":"2025-01-03T19:10:05","date_gmt":"2025-01-03T19:10:05","guid":{"rendered":"https:\/\/tours.com.pt\/palacio-de-mafra\/"},"modified":"2025-01-11T14:28:58","modified_gmt":"2025-01-11T14:28:58","slug":"palacio-de-mafra","status":"publish","type":"post","link":"https:\/\/tours.com.pt\/es\/palacio-de-mafra\/","title":{"rendered":"Palacio de Mafra: Un Monumento de Historia y Grandeza"},"content":{"rendered":"\n<p>El <strong>Palacio de Mafra<\/strong> no es solo uno de los edificios hist\u00f3ricos m\u00e1s grandes de Portugal, sino tambi\u00e9n un <strong>s\u00edmbolo del poder y la riqueza de la monarqu\u00eda portuguesa<\/strong> en el siglo XVIII. Su magnificencia se refleja no solo en su tama\u00f1o \u2013 <strong>m\u00e1s de 40.000 m\u00b2<\/strong> y alrededor de <strong>1.200 habitaciones<\/strong> \u2013 sino tambi\u00e9n en la <strong>perfecci\u00f3n art\u00edstica de sus interiores<\/strong>.<\/p>\n\n\n<div class=\"wp-block-image\">\n<figure class=\"aligncenter size-large is-resized\"><img decoding=\"async\" src=\"data:image\/gif;base64,R0lGODlhAQABAAAAACH5BAEKAAEALAAAAAABAAEAAAICTAEAOw==\" data-layzr=\"https:\/\/tours.com.pt\/wp-content\/uploads\/2017\/07\/13584619MB-Biblioteca-Mafra-01-1024x683.jpg\" alt=\"Palacio de Mafra\" class=\"wp-image-18840\" style=\"object-fit:cover;width:700px;height:400px\"\/><\/figure>\n<\/div>\n\n\n<p>La construcci\u00f3n comenz\u00f3 en <strong>1717<\/strong>, financiada con oro proveniente de Brasil. El rey hab\u00eda prometido construir el palacio si ten\u00eda un heredero y, tras el nacimiento de la <strong>Infanta Mar\u00eda B\u00e1rbara<\/strong>, se iniciaron las obras. M\u00e1s de <strong>50.000 trabajadores<\/strong> participaron en el proyecto, convirti\u00e9ndolo en una de las construcciones barrocas m\u00e1s ambiciosas del mundo.<\/p>\n\n\n<div class=\"wp-block-image\">\n<figure class=\"aligncenter size-large is-resized\"><img decoding=\"async\" src=\"data:image\/gif;base64,R0lGODlhAQABAAAAACH5BAEKAAEALAAAAAABAAEAAAICTAEAOw==\" data-layzr=\"https:\/\/tours.com.pt\/wp-content\/uploads\/2025\/01\/palacio-de-mafra-1024x680.jpg\" alt=\"Palacio de Mafra\" class=\"wp-image-18904\" style=\"object-fit:cover;width:700px;height:400px\"\/><\/figure>\n<\/div>\n\n\n<h3 class=\"wp-block-heading\"><strong>Aspectos Destacados del Palacio<\/strong> de Mafra<\/h3>\n\n\n\n<ul class=\"wp-block-list\">\n<li><strong>La Bas\u00edlica<\/strong>: Inspirada en la Bas\u00edlica de San Pedro en Roma, cuenta con <strong>seis \u00f3rganos hist\u00f3ricos<\/strong> y un <strong>carrill\u00f3n de 98 campanas<\/strong>, uno de los m\u00e1s grandes del mundo.<\/li>\n\n\n\n<li><strong>La Biblioteca<\/strong>: Alberga m\u00e1s de <strong>36.000 libros<\/strong>, incluyendo manuscritos raros y ediciones prohibidas por la Inquisici\u00f3n, protegidas por una colonia de murci\u00e9lagos que evita el deterioro por insectos.<\/li>\n\n\n\n<li><strong>Las Habitaciones Reales<\/strong>: Ubicadas en extremos opuestos del edificio, reflejan el esplendor de la monarqu\u00eda portuguesa.<\/li>\n\n\n\n<li><strong>El Monasterio<\/strong>: Originalmente hogar de monjes franciscanos, con una antigua farmacia y enfermer\u00eda.<\/li>\n<\/ul>\n\n\n<div class=\"wp-block-image\">\n<figure class=\"aligncenter size-large is-resized\"><img decoding=\"async\" src=\"data:image\/gif;base64,R0lGODlhAQABAAAAACH5BAEKAAEALAAAAAABAAEAAAICTAEAOw==\" data-layzr=\"https:\/\/tours.com.pt\/wp-content\/uploads\/2025\/01\/palacio-de-mafra-2-1024x546.jpg\" alt=\"\" class=\"wp-image-18907\" style=\"object-fit:cover;width:700px;height:400px\"\/><\/figure>\n<\/div>\n\n\n<p>Adem\u00e1s del palacio, la <a href=\"https:\/\/gl.wikipedia.org\/wiki\/Tapada_Nacional_de_Mafra\" target=\"_blank\" rel=\"noopener\" title=\"\"><strong>Tapada Nacional de Mafra<\/strong>,<\/a> una vasta <strong>reserva de caza real<\/strong>, se ha convertido en un <strong>parque natural protegido<\/strong>. Los visitantes pueden recorrer senderos, observar <strong>ciervos, jabal\u00edes y \u00e1guilas<\/strong>, e incluso participar en <strong>actividades como tiro con arco y cetrer\u00eda<\/strong>.<\/p>\n\n\n<div class=\"wp-block-image\">\n<figure class=\"aligncenter size-full is-resized\"><img decoding=\"async\" src=\"data:image\/gif;base64,R0lGODlhAQABAAAAACH5BAEKAAEALAAAAAABAAEAAAICTAEAOw==\" data-layzr=\"https:\/\/tours.com.pt\/wp-content\/uploads\/2025\/01\/fachada_palacio_mafra.jpg\" alt=\"Palacio de Mafra\" class=\"wp-image-18910\" style=\"object-fit:cover;width:700px;height:400px\"\/><\/figure>\n<\/div>\n\n\n<p>En 2019, el <strong>Palacio de Mafra fue declarado Patrimonio de la Humanidad por la UNESCO<\/strong>, atrayendo a miles de visitantes cada a\u00f1o. Su arquitectura monumental, su rica historia y su impresionante biblioteca lo convierten en uno de los monumentos m\u00e1s destacados de Portugal.<\/p>\n\n\n\n<p>Si visitas Portugal, <strong>no te <a href=\"https:\/\/tours.com.pt\/es\/contacto\/\" target=\"_blank\" rel=\"noopener\" title=\"\">pierdas la oportunidad<\/a> de explorar este incre\u00edble sitio lleno de historia, arte y grandeza<\/strong>.<\/p>\n","protected":false},"excerpt":{"rendered":"<p>El Palacio de Mafra no es solo uno de los edificios hist\u00f3ricos m\u00e1s grandes de Portugal, sino tambi\u00e9n un s\u00edmbolo del poder y la riqueza de la monarqu\u00eda portuguesa en el siglo XVIII. Su magnificencia se refleja no solo en su tama\u00f1o \u2013 m\u00e1s de 40.000 m\u00b2 y alrededor de 1.200 habitaciones \u2013 sino tambi\u00e9n &hellip; <\/p>\n","protected":false},"author":8,"featured_media":18128,"comment_status":"open","ping_status":"open","sticky":false,"template":"","format":"standard","meta":{"_monsterinsights_skip_tracking":false,"_monsterinsights_sitenote_active":false,"_monsterinsights_sitenote_note":"","_monsterinsights_sitenote_category":0,"footnotes":""},"categories":[259,280],"tags":[],"class_list":["post-18915","post","type-post","status-publish","format-standard","has-post-thumbnail","hentry","category-cultura-es","category-historia-es-2","latest_post"],"aioseo_notices":[],"_links":{"self":[{"href":"https:\/\/tours.com.pt\/es\/wp-json\/wp\/v2\/posts\/18915","targetHints":{"allow":["GET"]}}],"collection":[{"href":"https:\/\/tours.com.pt\/es\/wp-json\/wp\/v2\/posts"}],"about":[{"href":"https:\/\/tours.com.pt\/es\/wp-json\/wp\/v2\/types\/post"}],"author":[{"embeddable":true,"href":"https:\/\/tours.com.pt\/es\/wp-json\/wp\/v2\/users\/8"}],"replies":[{"embeddable":true,"href":"https:\/\/tours.com.pt\/es\/wp-json\/wp\/v2\/comments?post=18915"}],"version-history":[{"count":0,"href":"https:\/\/tours.com.pt\/es\/wp-json\/wp\/v2\/posts\/18915\/revisions"}],"wp:featuredmedia":[{"embeddable":true,"href":"https:\/\/tours.com.pt\/es\/wp-json\/wp\/v2\/media\/18128"}],"wp:attachment":[{"href":"https:\/\/tours.com.pt\/es\/wp-json\/wp\/v2\/media?parent=18915"}],"wp:term":[{"taxonomy":"category","embeddable":true,"href":"https:\/\/tours.com.pt\/es\/wp-json\/wp\/v2\/categories?post=18915"},{"taxonomy":"post_tag","embeddable":true,"href":"https:\/\/tours.com.pt\/es\/wp-json\/wp\/v2\/tags?post=18915"}],"curies":[{"name":"wp","href":"https:\/\/api.w.org\/{rel}","templated":true}]}}