




{"id":18755,"date":"2024-02-19T15:44:10","date_gmt":"2024-02-19T15:44:10","guid":{"rendered":"https:\/\/tours.com.pt\/os-judeus-na-epoca-dos-descobrimentos\/"},"modified":"2025-01-11T14:29:36","modified_gmt":"2025-01-11T14:29:36","slug":"los-judios-en-la-epoca-de-los-descubrimientos","status":"publish","type":"post","link":"https:\/\/tours.com.pt\/es\/los-judios-en-la-epoca-de-los-descubrimientos\/","title":{"rendered":"Los Jud\u00edos en la \u00e9poca de los Descubrimientos"},"content":{"rendered":"\n<p>Los jud\u00edos en la \u00e9poca de los Descubrimientos constitu\u00edan una minor\u00eda desde el final del Imperio Romano, creciendo gradualmente a lo largo de la <a href=\"https:\/\/es.wikipedia.org\/wiki\/Edad_Media\" target=\"_blank\" rel=\"noopener\" title=\"\">Edad Media<\/a>. La presencia jud\u00eda era muy diversa en Portugal, y las juder\u00edas, gracias a la memoria de la toponimia urbana, eran comunes.<\/p>\n\n\n<div class=\"wp-block-image\">\n<figure class=\"aligncenter size-full is-resized\"><img decoding=\"async\" src=\"data:image\/gif;base64,R0lGODlhAQABAAAAACH5BAEKAAEALAAAAAABAAEAAAICTAEAOw==\" data-layzr=\"https:\/\/tours.com.pt\/wp-content\/uploads\/2024\/02\/Os-Judeus-na-epoca-dos-Descobrimentos-1.jpeg\" alt=\"Los Jud\u00edos en la \u00e9poca de los Descubrimientos\" class=\"wp-image-1547\" style=\"object-fit:cover;width:700px;height:400px\"\/><\/figure>\n<\/div>\n\n\n<p>Sin embargo, las comunas en la \u00e9poca de los Descubrimientos eran distintas de las juder\u00edas. Mientras que las juder\u00edas eran los barrios donde los jud\u00edos inicialmente habitaban, mezclados con los <a href=\"https:\/\/es.wikipedia.org\/wiki\/Cristianismo\" target=\"_blank\" rel=\"noopener\" title=\"\">cristianos<\/a>, las comunas eran entidades aut\u00f3nomas religiosas, administrativas, judiciales, fiscales y culturales, integrando varias juder\u00edas, como en Lisboa.<\/p>\n\n\n<div class=\"wp-block-image\">\n<figure class=\"aligncenter size-large is-resized\"><img decoding=\"async\" src=\"data:image\/gif;base64,R0lGODlhAQABAAAAACH5BAEKAAEALAAAAAABAAEAAAICTAEAOw==\" data-layzr=\"https:\/\/tours.com.pt\/wp-content\/uploads\/2024\/02\/Os-Judeus-na-epoca-dos-Descobrimentos-1024x520.jpeg\" alt=\"\" class=\"wp-image-1550\" style=\"object-fit:cover;width:700px;height:400px\"\/><\/figure>\n<\/div>\n\n\n<p>La sinagoga serv\u00eda como lugar de oraci\u00f3n, c\u00e1mara de deliberaci\u00f3n, tribunal y escuela cuando era necesario. Las libertades, usos y costumbres de las comunas estaban expresadas en las cartas de privilegio otorgadas a cada comunidad por el soberano. Los jud\u00edos se convirtieron, directa o indirectamente, en los banqueros de la corona, lo que a menudo oprim\u00eda a los pobres. La contribuci\u00f3n de los jud\u00edos, musulmanes y cristianos a los Descubrimientos Portugueses es evidente, y esta diversidad de conocimientos contribuy\u00f3 al \u00e9xito de las expediciones.<\/p>\n\n\n<div class=\"wp-block-image\">\n<figure class=\"aligncenter size-full is-resized\"><img decoding=\"async\" src=\"data:image\/gif;base64,R0lGODlhAQABAAAAACH5BAEKAAEALAAAAAABAAEAAAICTAEAOw==\" data-layzr=\"https:\/\/tours.com.pt\/wp-content\/uploads\/2024\/02\/Os-Judeus-na-epoca-dos-Descobrimentos-6.jpeg\" alt=\"\" class=\"wp-image-1556\" style=\"object-fit:cover;width:700px;height:400px\"\/><\/figure>\n<\/div>\n\n\n<p>Muchos jud\u00edos fueron bautizados en el <a href=\"https:\/\/es.wikipedia.org\/wiki\/Palacio_de_los_Estaus\" target=\"_blank\" rel=\"noopener\" title=\"\">Palacio de los Estaus<\/a> con el objetivo de viajar y posteriormente regresar al juda\u00edsmo, huyendo hacia Turqu\u00eda u otras ciudades italianas como N\u00e1poles. El rey cre\u00f3 un mecanismo legal que les prohib\u00eda salir del reino, fomentando el matrimonio entre cristianos y cristianos nuevos, extinguiendo las juder\u00edas y permiti\u00e9ndoles acceder a cargos municipales.<\/p>\n\n\n<div class=\"wp-block-image\">\n<figure class=\"aligncenter size-large is-resized\"><img decoding=\"async\" src=\"data:image\/gif;base64,R0lGODlhAQABAAAAACH5BAEKAAEALAAAAAABAAEAAAICTAEAOw==\" data-layzr=\"https:\/\/tours.com.pt\/wp-content\/uploads\/2024\/02\/Os-Judeus-na-epoca-dos-Descobrimentos-8-1024x682.jpeg\" alt=\"\" class=\"wp-image-1559\" style=\"object-fit:cover;width:700px;height:400px\"\/><\/figure>\n<\/div>\n\n\n<p>El rey dej\u00f3 de ser tolerante, avanzando hacia la unidad religiosa. La importancia de los <a href=\"https:\/\/es.wikipedia.org\/wiki\/Sefard%C3%AD\" target=\"_blank\" rel=\"noopener\" title=\"\">sefard\u00edes<\/a> que salieron de Portugal fue fundamental para la creaci\u00f3n de \u00c1msterdam y, posteriormente, Nueva York. Esperamos que este art\u00edculo le haya sorprendido positivamente sobre la importancia de los jud\u00edos en los Descubrimientos Portugueses. \u00a1Le invitamos a conocerlos mejor en nuestra ruta jud\u00eda y a resolver sus dudas ahora mismo!<\/p>\n\n\n<div class=\"wp-block-image\">\n<figure class=\"aligncenter size-large is-resized\"><img decoding=\"async\" src=\"data:image\/gif;base64,R0lGODlhAQABAAAAACH5BAEKAAEALAAAAAABAAEAAAICTAEAOw==\" data-layzr=\"https:\/\/tours.com.pt\/wp-content\/uploads\/2024\/10\/Rota-Judaica-em-Portugal-1024x647.jpg\" alt=\"\" class=\"wp-image-15984\" style=\"object-fit:cover;width:700px;height:400px\"\/><\/figure>\n<\/div>\n\n\n<h4 class=\"wp-block-heading\"><strong>Descubre la <a href=\"https:\/\/tours.com.pt\/es\/trip\/ruta-judia-en-portugal\/\" target=\"_blank\" rel=\"noopener\" title=\"\">Ruta Jud\u00eda con Walkborder<\/a><\/strong><\/h4>\n\n\n\n<p>La Ruta Jud\u00eda en Portugal es un viaje \u00fanico a trav\u00e9s de la historia y cultura de la comunidad jud\u00eda en el pa\u00eds. Este itinerario le llevar\u00e1 a lugares emblem\u00e1ticos como sinagogas, barrios antiguos y museos, revelando el profundo impacto de los jud\u00edos en la identidad portuguesa.<\/p>\n\n\n\n<p>Al explorar esta ruta, tendr\u00e1 la oportunidad de sumergirse en siglos de historia, visitar monumentos significativos y comprender el legado cultural y religioso que a\u00fan hoy est\u00e1 tan presente en Portugal. Ideal para quienes aprecian la historia y la cultura, este itinerario ofrece una experiencia enriquecedora y emocionante.<\/p>\n\n\n\n<p>\ud83d\udccd <strong>Descubra todos los detalles de nuestra Ruta Jud\u00eda en Portugal haciendo clic <a href=\"https:\/\/tours.com.pt\/es\/trip\/ruta-judia-en-portugal\/\" target=\"_blank\" rel=\"noopener\" title=\"\">aqu\u00ed<\/a>.<\/strong><\/p>\n","protected":false},"excerpt":{"rendered":"<p>Los jud\u00edos en la \u00e9poca de los Descubrimientos constitu\u00edan una minor\u00eda desde el final del Imperio Romano, creciendo gradualmente a lo largo de la Edad Media. La presencia jud\u00eda era muy diversa en Portugal, y las juder\u00edas, gracias a la memoria de la toponimia urbana, eran comunes. Sin embargo, las comunas en la \u00e9poca de &hellip; <\/p>\n","protected":false},"author":10,"featured_media":1546,"comment_status":"open","ping_status":"open","sticky":false,"template":"","format":"standard","meta":{"_monsterinsights_skip_tracking":false,"_monsterinsights_sitenote_active":false,"_monsterinsights_sitenote_note":"","_monsterinsights_sitenote_category":0,"footnotes":""},"categories":[259,280],"tags":[],"class_list":["post-18755","post","type-post","status-publish","format-standard","has-post-thumbnail","hentry","category-cultura-es","category-historia-es-2","latest_post"],"aioseo_notices":[],"_links":{"self":[{"href":"https:\/\/tours.com.pt\/es\/wp-json\/wp\/v2\/posts\/18755","targetHints":{"allow":["GET"]}}],"collection":[{"href":"https:\/\/tours.com.pt\/es\/wp-json\/wp\/v2\/posts"}],"about":[{"href":"https:\/\/tours.com.pt\/es\/wp-json\/wp\/v2\/types\/post"}],"author":[{"embeddable":true,"href":"https:\/\/tours.com.pt\/es\/wp-json\/wp\/v2\/users\/10"}],"replies":[{"embeddable":true,"href":"https:\/\/tours.com.pt\/es\/wp-json\/wp\/v2\/comments?post=18755"}],"version-history":[{"count":0,"href":"https:\/\/tours.com.pt\/es\/wp-json\/wp\/v2\/posts\/18755\/revisions"}],"wp:featuredmedia":[{"embeddable":true,"href":"https:\/\/tours.com.pt\/es\/wp-json\/wp\/v2\/media\/1546"}],"wp:attachment":[{"href":"https:\/\/tours.com.pt\/es\/wp-json\/wp\/v2\/media?parent=18755"}],"wp:term":[{"taxonomy":"category","embeddable":true,"href":"https:\/\/tours.com.pt\/es\/wp-json\/wp\/v2\/categories?post=18755"},{"taxonomy":"post_tag","embeddable":true,"href":"https:\/\/tours.com.pt\/es\/wp-json\/wp\/v2\/tags?post=18755"}],"curies":[{"name":"wp","href":"https:\/\/api.w.org\/{rel}","templated":true}]}}